{"id":68286,"date":"2020-04-27T11:02:54","date_gmt":"2020-04-27T11:02:54","guid":{"rendered":"https:\/\/dev.1office.co\/?p=68286"},"modified":"2020-04-27T11:08:48","modified_gmt":"2020-04-27T11:08:48","slug":"soome-pikendas-majandusaasta-aruande-tahtaega","status":"publish","type":"post","link":"https:\/\/dev.1office.co\/et\/blog\/soome-pikendas-majandusaasta-aruande-tahtaega\/","title":{"rendered":"Soome pikendas majandusaasta aruande t\u00e4htaega seoses COVID-19 puhanguga"},"content":{"rendered":"<div class=\"wpb-content-wrapper\"><p>[vc_row][vc_column][vc_column_text]<\/p>\n<h3>Soome maksuamet (Vero) otsustas seoses COVID-19 puhanguga pikendada 1.1-31.12 majandusaasta puhul aastaaruande ning<\/h3>\n<h3>tuludeklaratsiooni esitamise t\u00e4htaega \u00fche kuu v\u00f5rra ehk kuni 31. maini 2020. Kuna 31. mai on p\u00fchap\u00e4ev, siis v\u00f5ib dokumente<\/h3>\n<h3>esitada veel ka esmasp\u00e4eval, 1. juunil 2020. T\u00e4htaja pikendamine puudutab nii kohalikke kui ka v\u00e4lismaiseid ettev\u00f5tteid, kellel<\/h3>\n<h3>on Soomes maksukohustus.<\/h3>\n<h3><\/h3>\n<p>&nbsp;<\/p>\n<p>Mittet\u00e4htaegse aastaaruande esitamise puhul teeb Maksuamet esialgu iga hilinenud majandusaasta perioodi eest 100 eurot trahvi ning rakendab aruannete hilinemise korral ka k\u00f5rgendatud tulumaksum\u00e4\u00e4ra. Selle korrigeerimiseks tuleb esimesel v\u00f5imalusel aastaaruanne\/tuludeklaratsioon esitada. Vastasel juhul kuulub maksun\u00f5ue tasumisele. Kui Maksuameti hoiatustest ja trahvidest hoolimata, on ettev\u00f5tja endiselt aastaaruande ja\/v\u00f5i tuludeklaratsiooni j\u00e4tnud esitamata, siis v\u00f5ib kohalik \u00e4riregister (PRH) alustada ettev\u00f5tte registrist kustutamise toiminguid.<\/p>\n<p>&nbsp;<\/p>\n<h3><span style=\"color: #99cc00\">Oluline teada Soome majandusaasta aruande ja maksudeklaratsiooni kohta<\/span><\/h3>\n<p>Majandusaasta aruande tavap\u00e4raseks t\u00e4htajaks Soomes on 30. aprill ning selle esitamine on kohustuslik k\u00f5ikidele Soomes registreeritud ettev\u00f5tetele, ka siis, kui ettev\u00f5ttel on aasta jooksul olnud minimaalne \u00e4ritegevus (n\u00e4iteks pangakonto teenustasu). Kogu raamatupidamine peab enne majandusaasta aruande koostamist olema l\u00f5petatud ning aruanne tuleb esitada soome keeles ja kohalikus valuutas (EUR). Majandusaasta aruanne on avalik info, mida iga\u00fcks saab Soome statistikaametist (Tilastokeskus) osta. Samuti v\u00f5ib majandusaasta aruannet k\u00fcsida pank. Majandusaasta tuludeklaratsioon ei ole aastaaruande osa, kuid ka selle esitamine on kohustuslik samaks t\u00e4htajaks.<\/p>\n<p>&nbsp;<\/p>\n<h3><span style=\"color: #99cc00\">T\u00e4htaeg tegelike kasusaajate registreerimiseks Soome ettev\u00f5ttes<\/span><\/h3>\n<p>Samuti on l\u00e4henemas ka tegelike kasusaajate registreerimise t\u00e4htaeg, milleks on 1. juuli 2020. Hiljemalt selleks kuup\u00e4evaks peab iga kohalik ettev\u00f5te esitama registrile esmakordselt info tegelike kasusaajate kohta. Hiljem tuleks infot uuendada koheselt, kui omanikeringis toimuvad muudatused.<\/p>\n<p>&nbsp;<\/p>\n<p>Kui vajate abi aastaaruande koostamisel ning esitamisel ja\/v\u00f5i tegelike kasusaajate lisamisel registrisse, v\u00f5tke meiega \u00fchendust <a href=\"mailto:sales@1office.co\" target=\"_blank\" rel=\"noopener noreferrer\">sales@1office.co <\/a>ning teeme teile personaalse pakkumise.[\/vc_column_text][\/vc_column][\/vc_row][vc_row][\/vc_row][vc_column][\/vc_column]<style type=\"text\/css\" data-type=\"the7_shortcodes-inline-css\">#default-btn-822e14a40990b79acc39b654fa7c2a99 {\n  border-radius: 2px;\n  font-size: 14px;\n  line-height: 16px;\n}\n.btn-shadow#default-btn-822e14a40990b79acc39b654fa7c2a99 {\n  box-shadow: 0 1px 6px rgba(0,0,0,0.12);\n  transition: box-shadow 0.2s ease-out, opacity 0.45s;\n}\n.btn-shadow#default-btn-822e14a40990b79acc39b654fa7c2a99:hover {\n  box-shadow: 0 5px 11px 0 rgba(0,0,0,0.18), 0 4px 15px 0 rgba(0,0,0,0.15);\n}\n.btn-3d#default-btn-822e14a40990b79acc39b654fa7c2a99 {\n  box-shadow: 0px 2px 0px 0px #6f883f;\n}\n.btn-3d#default-btn-822e14a40990b79acc39b654fa7c2a99:hover {\n  box-shadow: 0px 2px 0px 0px #6f883f;\n}\n.btn-flat#default-btn-822e14a40990b79acc39b654fa7c2a99 {\n  box-shadow: none;\n}\n.btn-flat#default-btn-822e14a40990b79acc39b654fa7c2a99:hover {\n  box-shadow: none;\n}\n#default-btn-822e14a40990b79acc39b654fa7c2a99.ico-right-side > i {\n  margin-right: 0px;\n  margin-left: 8px;\n}\n#default-btn-822e14a40990b79acc39b654fa7c2a99 > i {\n  margin-right: 8px;\n  font-size: 14px;\n}\n#default-btn-822e14a40990b79acc39b654fa7c2a99:not(:hover) {\n  border-width: 0px;\n  background: #98c93c !important;\n  padding: 12px 18px 12px 18px;\n}\n#default-btn-822e14a40990b79acc39b654fa7c2a99:hover {\n  border-width: 0px;\n  background: #98c93c !important;\n  padding: 12px 18px 12px 18px;\n}\n#default-btn-822e14a40990b79acc39b654fa7c2a99.ico-right-side > i {\n  margin-right: 0px;\n  margin-left: 8px;\n}\n#default-btn-822e14a40990b79acc39b654fa7c2a99 > i {\n  margin-right: 8px;\n}<\/style><a href=\"https:\/\/dev.1office.co\/et\/vota-uhendust\/\" class=\"default-btn-shortcode dt-btn link-hover-off btn-inline-left btn-flat \" target=\"_blank\" id=\"default-btn-822e14a40990b79acc39b654fa7c2a99\" rel=\"noopener\"><span>V\u00f5ta meiega \u00fchendust<\/span><\/a><\/p>\n<\/div>","protected":false},"excerpt":{"rendered":"<p>[vc_row][vc_column][vc_column_text] Soome maksuamet (Vero) otsustas seoses COVID-19 puhanguga pikendada 1.1-31.12 majandusaasta puhul aastaaruande ning tuludeklaratsiooni esitamise t\u00e4htaega \u00fche kuu v\u00f5rra ehk kuni 31. maini 2020. Kuna 31. mai on p\u00fchap\u00e4ev, siis v\u00f5ib dokumente esitada veel ka esmasp\u00e4eval, 1. juunil 2020. T\u00e4htaja pikendamine puudutab nii kohalikke kui ka v\u00e4lismaiseid ettev\u00f5tteid, kellel on Soomes maksukohustus. &nbsp; Mittet\u00e4htaegse&hellip;<\/p>\n","protected":false},"author":1402,"featured_media":68279,"comment_status":"open","ping_status":"open","sticky":false,"template":"","format":"standard","meta":{"_acf_changed":false,"inline_featured_image":false,"footnotes":""},"categories":[347,351,355,346,349,361],"tags":[489,490,491],"class_list":["post-68286","post","type-post","status-publish","format-standard","has-post-thumbnail","hentry","category-maksud","category-ettevotte-juhtimine","category-soome","category-raamatupidamine","category-ettevote","category-uudis","tag-soome-majandusaasta-aruanne","tag-soome-tuludeklaratsioon","tag-tegeliku-kasusaaja-registreerimise-tahtaeg","category-347","category-351","category-355","category-346","category-349","category-361","description-off"],"acf":[],"yoast_head":"<!-- This site is optimized with the Yoast SEO plugin v23.0 - https:\/\/yoast.com\/wordpress\/plugins\/seo\/ -->\n<title>Soome pikendas majandusaasta aruande t\u00e4htaega seoses COVID-19 puhanguga - 1Office<\/title>\n<meta name=\"description\" content=\"Soome maksuamet (Vero) otsustas seoses COVID-19 puhanguga pikendada aastaaruande ning tuludeklaratsiooni esitamise t\u00e4htaega kuni 31. maini 2020.\" \/>\n<meta name=\"robots\" content=\"noindex, follow, max-snippet:-1, max-image-preview:large, max-video-preview:-1\" \/>\n<meta property=\"og:locale\" content=\"et_EE\" \/>\n<meta property=\"og:type\" content=\"article\" \/>\n<meta property=\"og:title\" content=\"Soome pikendas majandusaasta aruande t\u00e4htaega seoses COVID-19 puhanguga - 1Office\" \/>\n<meta property=\"og:description\" content=\"Soome maksuamet (Vero) otsustas seoses COVID-19 puhanguga pikendada aastaaruande ning tuludeklaratsiooni esitamise t\u00e4htaega kuni 31. maini 2020.\" \/>\n<meta property=\"og:url\" content=\"https:\/\/dev.1office.co\/et\/blog\/soome-pikendas-majandusaasta-aruande-tahtaega\/\" \/>\n<meta property=\"og:site_name\" content=\"1Office\" \/>\n<meta property=\"article:published_time\" content=\"2020-04-27T11:02:54+00:00\" \/>\n<meta property=\"article:modified_time\" content=\"2020-04-27T11:08:48+00:00\" \/>\n<meta property=\"og:image\" content=\"https:\/\/dev.1office.co\/wp-content\/uploads\/2020\/04\/4234592308_2a200ddb87_b.jpg\" \/>\n\t<meta property=\"og:image:width\" content=\"1024\" \/>\n\t<meta property=\"og:image:height\" content=\"423\" \/>\n\t<meta property=\"og:image:type\" content=\"image\/jpeg\" \/>\n<meta name=\"author\" content=\"helen\" \/>\n<meta name=\"twitter:card\" content=\"summary_large_image\" \/>\n<meta name=\"twitter:label1\" content=\"Written by\" \/>\n\t<meta name=\"twitter:data1\" content=\"helen\" \/>\n\t<meta name=\"twitter:label2\" content=\"Est. reading time\" \/>\n\t<meta name=\"twitter:data2\" content=\"2 minutit\" \/>\n<script type=\"application\/ld+json\" class=\"yoast-schema-graph\">{\"@context\":\"https:\/\/schema.org\",\"@graph\":[{\"@type\":\"Article\",\"@id\":\"https:\/\/dev.1office.co\/et\/blog\/soome-pikendas-majandusaasta-aruande-tahtaega\/#article\",\"isPartOf\":{\"@id\":\"https:\/\/dev.1office.co\/et\/blog\/soome-pikendas-majandusaasta-aruande-tahtaega\/\"},\"author\":{\"name\":\"helen\",\"@id\":\"https:\/\/dev.1office.co\/#\/schema\/person\/499c73758852378d83f6c2525cfd5c54\"},\"headline\":\"Soome pikendas majandusaasta aruande t\u00e4htaega seoses COVID-19 puhanguga\",\"datePublished\":\"2020-04-27T11:02:54+00:00\",\"dateModified\":\"2020-04-27T11:08:48+00:00\",\"mainEntityOfPage\":{\"@id\":\"https:\/\/dev.1office.co\/et\/blog\/soome-pikendas-majandusaasta-aruande-tahtaega\/\"},\"wordCount\":374,\"commentCount\":0,\"publisher\":{\"@id\":\"https:\/\/dev.1office.co\/#organization\"},\"image\":{\"@id\":\"https:\/\/dev.1office.co\/et\/blog\/soome-pikendas-majandusaasta-aruande-tahtaega\/#primaryimage\"},\"thumbnailUrl\":\"https:\/\/dev.1office.co\/wp-content\/uploads\/2020\/04\/4234592308_2a200ddb87_b.jpg\",\"keywords\":[\"Soome majandusaasta aruanne\",\"Soome tuludeklaratsioon\",\"tegeliku kasusaaja registreerimise t\u00e4htaeg\"],\"articleSection\":[\"Maksud\",\"Ettev\u00f5tte juhtimine\",\"Soome\",\"Raamatupidamine\",\"Ettev\u00f5te\",\"Uudis\"],\"inLanguage\":\"et\",\"potentialAction\":[{\"@type\":\"CommentAction\",\"name\":\"Comment\",\"target\":[\"https:\/\/dev.1office.co\/et\/blog\/soome-pikendas-majandusaasta-aruande-tahtaega\/#respond\"]}]},{\"@type\":\"WebPage\",\"@id\":\"https:\/\/dev.1office.co\/et\/blog\/soome-pikendas-majandusaasta-aruande-tahtaega\/\",\"url\":\"https:\/\/dev.1office.co\/et\/blog\/soome-pikendas-majandusaasta-aruande-tahtaega\/\",\"name\":\"Soome pikendas majandusaasta aruande t\u00e4htaega seoses COVID-19 puhanguga - 1Office\",\"isPartOf\":{\"@id\":\"https:\/\/dev.1office.co\/#website\"},\"primaryImageOfPage\":{\"@id\":\"https:\/\/dev.1office.co\/et\/blog\/soome-pikendas-majandusaasta-aruande-tahtaega\/#primaryimage\"},\"image\":{\"@id\":\"https:\/\/dev.1office.co\/et\/blog\/soome-pikendas-majandusaasta-aruande-tahtaega\/#primaryimage\"},\"thumbnailUrl\":\"https:\/\/dev.1office.co\/wp-content\/uploads\/2020\/04\/4234592308_2a200ddb87_b.jpg\",\"datePublished\":\"2020-04-27T11:02:54+00:00\",\"dateModified\":\"2020-04-27T11:08:48+00:00\",\"description\":\"Soome maksuamet (Vero) otsustas seoses COVID-19 puhanguga pikendada aastaaruande ning tuludeklaratsiooni esitamise t\u00e4htaega kuni 31. maini 2020.\",\"breadcrumb\":{\"@id\":\"https:\/\/dev.1office.co\/et\/blog\/soome-pikendas-majandusaasta-aruande-tahtaega\/#breadcrumb\"},\"inLanguage\":\"et\",\"potentialAction\":[{\"@type\":\"ReadAction\",\"target\":[\"https:\/\/dev.1office.co\/et\/blog\/soome-pikendas-majandusaasta-aruande-tahtaega\/\"]}]},{\"@type\":\"ImageObject\",\"inLanguage\":\"et\",\"@id\":\"https:\/\/dev.1office.co\/et\/blog\/soome-pikendas-majandusaasta-aruande-tahtaega\/#primaryimage\",\"url\":\"https:\/\/dev.1office.co\/wp-content\/uploads\/2020\/04\/4234592308_2a200ddb87_b.jpg\",\"contentUrl\":\"https:\/\/dev.1office.co\/wp-content\/uploads\/2020\/04\/4234592308_2a200ddb87_b.jpg\",\"width\":1024,\"height\":423,\"caption\":\"Finnish annual report deadline changed\"},{\"@type\":\"BreadcrumbList\",\"@id\":\"https:\/\/dev.1office.co\/et\/blog\/soome-pikendas-majandusaasta-aruande-tahtaega\/#breadcrumb\",\"itemListElement\":[{\"@type\":\"ListItem\",\"position\":1,\"name\":\"Home\",\"item\":\"https:\/\/dev.1office.co\/et\/\"},{\"@type\":\"ListItem\",\"position\":2,\"name\":\"Soome pikendas majandusaasta aruande t\u00e4htaega seoses COVID-19 puhanguga\"}]},{\"@type\":\"WebSite\",\"@id\":\"https:\/\/dev.1office.co\/#website\",\"url\":\"https:\/\/dev.1office.co\/\",\"name\":\"1Office\",\"description\":\"Making Business Simple\",\"publisher\":{\"@id\":\"https:\/\/dev.1office.co\/#organization\"},\"potentialAction\":[{\"@type\":\"SearchAction\",\"target\":{\"@type\":\"EntryPoint\",\"urlTemplate\":\"https:\/\/dev.1office.co\/?s={search_term_string}\"},\"query-input\":\"required name=search_term_string\"}],\"inLanguage\":\"et\"},{\"@type\":\"Organization\",\"@id\":\"https:\/\/dev.1office.co\/#organization\",\"name\":\"1Office\",\"url\":\"https:\/\/dev.1office.co\/\",\"logo\":{\"@type\":\"ImageObject\",\"inLanguage\":\"et\",\"@id\":\"https:\/\/dev.1office.co\/#\/schema\/logo\/image\/\",\"url\":\"https:\/\/dev.1office.co\/wp-content\/uploads\/2018\/01\/1office-invoice-logo-2.png\",\"contentUrl\":\"https:\/\/dev.1office.co\/wp-content\/uploads\/2018\/01\/1office-invoice-logo-2.png\",\"width\":300,\"height\":83,\"caption\":\"1Office\"},\"image\":{\"@id\":\"https:\/\/dev.1office.co\/#\/schema\/logo\/image\/\"}},{\"@type\":\"Person\",\"@id\":\"https:\/\/dev.1office.co\/#\/schema\/person\/499c73758852378d83f6c2525cfd5c54\",\"name\":\"helen\",\"image\":{\"@type\":\"ImageObject\",\"inLanguage\":\"et\",\"@id\":\"https:\/\/dev.1office.co\/#\/schema\/person\/image\/\",\"url\":\"https:\/\/secure.gravatar.com\/avatar\/0b69c1a49e58533507d3876edeb6717749eb69c72175c9f55063c0a04c248adc?s=96&d=mm&r=g\",\"contentUrl\":\"https:\/\/secure.gravatar.com\/avatar\/0b69c1a49e58533507d3876edeb6717749eb69c72175c9f55063c0a04c248adc?s=96&d=mm&r=g\",\"caption\":\"helen\"},\"url\":\"https:\/\/dev.1office.co\/et\/blog\/author\/helen\/\"}]}<\/script>\n<!-- \/ Yoast SEO plugin. -->","yoast_head_json":{"title":"Soome pikendas majandusaasta aruande t\u00e4htaega seoses COVID-19 puhanguga - 1Office","description":"Soome maksuamet (Vero) otsustas seoses COVID-19 puhanguga pikendada aastaaruande ning tuludeklaratsiooni esitamise t\u00e4htaega kuni 31. maini 2020.","robots":{"index":"noindex","follow":"follow","max-snippet":"max-snippet:-1","max-image-preview":"max-image-preview:large","max-video-preview":"max-video-preview:-1"},"og_locale":"et_EE","og_type":"article","og_title":"Soome pikendas majandusaasta aruande t\u00e4htaega seoses COVID-19 puhanguga - 1Office","og_description":"Soome maksuamet (Vero) otsustas seoses COVID-19 puhanguga pikendada aastaaruande ning tuludeklaratsiooni esitamise t\u00e4htaega kuni 31. maini 2020.","og_url":"https:\/\/dev.1office.co\/et\/blog\/soome-pikendas-majandusaasta-aruande-tahtaega\/","og_site_name":"1Office","article_published_time":"2020-04-27T11:02:54+00:00","article_modified_time":"2020-04-27T11:08:48+00:00","og_image":[{"width":1024,"height":423,"url":"https:\/\/dev.1office.co\/wp-content\/uploads\/2020\/04\/4234592308_2a200ddb87_b.jpg","type":"image\/jpeg"}],"author":"helen","twitter_card":"summary_large_image","twitter_misc":{"Written by":"helen","Est. reading time":"2 minutit"},"schema":{"@context":"https:\/\/schema.org","@graph":[{"@type":"Article","@id":"https:\/\/dev.1office.co\/et\/blog\/soome-pikendas-majandusaasta-aruande-tahtaega\/#article","isPartOf":{"@id":"https:\/\/dev.1office.co\/et\/blog\/soome-pikendas-majandusaasta-aruande-tahtaega\/"},"author":{"name":"helen","@id":"https:\/\/dev.1office.co\/#\/schema\/person\/499c73758852378d83f6c2525cfd5c54"},"headline":"Soome pikendas majandusaasta aruande t\u00e4htaega seoses COVID-19 puhanguga","datePublished":"2020-04-27T11:02:54+00:00","dateModified":"2020-04-27T11:08:48+00:00","mainEntityOfPage":{"@id":"https:\/\/dev.1office.co\/et\/blog\/soome-pikendas-majandusaasta-aruande-tahtaega\/"},"wordCount":374,"commentCount":0,"publisher":{"@id":"https:\/\/dev.1office.co\/#organization"},"image":{"@id":"https:\/\/dev.1office.co\/et\/blog\/soome-pikendas-majandusaasta-aruande-tahtaega\/#primaryimage"},"thumbnailUrl":"https:\/\/dev.1office.co\/wp-content\/uploads\/2020\/04\/4234592308_2a200ddb87_b.jpg","keywords":["Soome majandusaasta aruanne","Soome tuludeklaratsioon","tegeliku kasusaaja registreerimise t\u00e4htaeg"],"articleSection":["Maksud","Ettev\u00f5tte juhtimine","Soome","Raamatupidamine","Ettev\u00f5te","Uudis"],"inLanguage":"et","potentialAction":[{"@type":"CommentAction","name":"Comment","target":["https:\/\/dev.1office.co\/et\/blog\/soome-pikendas-majandusaasta-aruande-tahtaega\/#respond"]}]},{"@type":"WebPage","@id":"https:\/\/dev.1office.co\/et\/blog\/soome-pikendas-majandusaasta-aruande-tahtaega\/","url":"https:\/\/dev.1office.co\/et\/blog\/soome-pikendas-majandusaasta-aruande-tahtaega\/","name":"Soome pikendas majandusaasta aruande t\u00e4htaega seoses COVID-19 puhanguga - 1Office","isPartOf":{"@id":"https:\/\/dev.1office.co\/#website"},"primaryImageOfPage":{"@id":"https:\/\/dev.1office.co\/et\/blog\/soome-pikendas-majandusaasta-aruande-tahtaega\/#primaryimage"},"image":{"@id":"https:\/\/dev.1office.co\/et\/blog\/soome-pikendas-majandusaasta-aruande-tahtaega\/#primaryimage"},"thumbnailUrl":"https:\/\/dev.1office.co\/wp-content\/uploads\/2020\/04\/4234592308_2a200ddb87_b.jpg","datePublished":"2020-04-27T11:02:54+00:00","dateModified":"2020-04-27T11:08:48+00:00","description":"Soome maksuamet (Vero) otsustas seoses COVID-19 puhanguga pikendada aastaaruande ning tuludeklaratsiooni esitamise t\u00e4htaega kuni 31. maini 2020.","breadcrumb":{"@id":"https:\/\/dev.1office.co\/et\/blog\/soome-pikendas-majandusaasta-aruande-tahtaega\/#breadcrumb"},"inLanguage":"et","potentialAction":[{"@type":"ReadAction","target":["https:\/\/dev.1office.co\/et\/blog\/soome-pikendas-majandusaasta-aruande-tahtaega\/"]}]},{"@type":"ImageObject","inLanguage":"et","@id":"https:\/\/dev.1office.co\/et\/blog\/soome-pikendas-majandusaasta-aruande-tahtaega\/#primaryimage","url":"https:\/\/dev.1office.co\/wp-content\/uploads\/2020\/04\/4234592308_2a200ddb87_b.jpg","contentUrl":"https:\/\/dev.1office.co\/wp-content\/uploads\/2020\/04\/4234592308_2a200ddb87_b.jpg","width":1024,"height":423,"caption":"Finnish annual report deadline changed"},{"@type":"BreadcrumbList","@id":"https:\/\/dev.1office.co\/et\/blog\/soome-pikendas-majandusaasta-aruande-tahtaega\/#breadcrumb","itemListElement":[{"@type":"ListItem","position":1,"name":"Home","item":"https:\/\/dev.1office.co\/et\/"},{"@type":"ListItem","position":2,"name":"Soome pikendas majandusaasta aruande t\u00e4htaega seoses COVID-19 puhanguga"}]},{"@type":"WebSite","@id":"https:\/\/dev.1office.co\/#website","url":"https:\/\/dev.1office.co\/","name":"1Office","description":"Making Business Simple","publisher":{"@id":"https:\/\/dev.1office.co\/#organization"},"potentialAction":[{"@type":"SearchAction","target":{"@type":"EntryPoint","urlTemplate":"https:\/\/dev.1office.co\/?s={search_term_string}"},"query-input":"required name=search_term_string"}],"inLanguage":"et"},{"@type":"Organization","@id":"https:\/\/dev.1office.co\/#organization","name":"1Office","url":"https:\/\/dev.1office.co\/","logo":{"@type":"ImageObject","inLanguage":"et","@id":"https:\/\/dev.1office.co\/#\/schema\/logo\/image\/","url":"https:\/\/dev.1office.co\/wp-content\/uploads\/2018\/01\/1office-invoice-logo-2.png","contentUrl":"https:\/\/dev.1office.co\/wp-content\/uploads\/2018\/01\/1office-invoice-logo-2.png","width":300,"height":83,"caption":"1Office"},"image":{"@id":"https:\/\/dev.1office.co\/#\/schema\/logo\/image\/"}},{"@type":"Person","@id":"https:\/\/dev.1office.co\/#\/schema\/person\/499c73758852378d83f6c2525cfd5c54","name":"helen","image":{"@type":"ImageObject","inLanguage":"et","@id":"https:\/\/dev.1office.co\/#\/schema\/person\/image\/","url":"https:\/\/secure.gravatar.com\/avatar\/0b69c1a49e58533507d3876edeb6717749eb69c72175c9f55063c0a04c248adc?s=96&d=mm&r=g","contentUrl":"https:\/\/secure.gravatar.com\/avatar\/0b69c1a49e58533507d3876edeb6717749eb69c72175c9f55063c0a04c248adc?s=96&d=mm&r=g","caption":"helen"},"url":"https:\/\/dev.1office.co\/et\/blog\/author\/helen\/"}]}},"_links":{"self":[{"href":"https:\/\/dev.1office.co\/et\/wp-json\/wp\/v2\/posts\/68286","targetHints":{"allow":["GET"]}}],"collection":[{"href":"https:\/\/dev.1office.co\/et\/wp-json\/wp\/v2\/posts"}],"about":[{"href":"https:\/\/dev.1office.co\/et\/wp-json\/wp\/v2\/types\/post"}],"author":[{"embeddable":true,"href":"https:\/\/dev.1office.co\/et\/wp-json\/wp\/v2\/users\/1402"}],"replies":[{"embeddable":true,"href":"https:\/\/dev.1office.co\/et\/wp-json\/wp\/v2\/comments?post=68286"}],"version-history":[{"count":1,"href":"https:\/\/dev.1office.co\/et\/wp-json\/wp\/v2\/posts\/68286\/revisions"}],"predecessor-version":[{"id":68287,"href":"https:\/\/dev.1office.co\/et\/wp-json\/wp\/v2\/posts\/68286\/revisions\/68287"}],"wp:featuredmedia":[{"embeddable":true,"href":"https:\/\/dev.1office.co\/et\/wp-json\/wp\/v2\/media\/68279"}],"wp:attachment":[{"href":"https:\/\/dev.1office.co\/et\/wp-json\/wp\/v2\/media?parent=68286"}],"wp:term":[{"taxonomy":"category","embeddable":true,"href":"https:\/\/dev.1office.co\/et\/wp-json\/wp\/v2\/categories?post=68286"},{"taxonomy":"post_tag","embeddable":true,"href":"https:\/\/dev.1office.co\/et\/wp-json\/wp\/v2\/tags?post=68286"}],"curies":[{"name":"wp","href":"https:\/\/api.w.org\/{rel}","templated":true}]}}